{"id":785,"date":"2014-02-27T14:53:18","date_gmt":"2014-02-27T13:53:18","guid":{"rendered":"http:\/\/folkefronten.dk\/?p=785"},"modified":"2014-03-10T13:09:22","modified_gmt":"2014-03-10T12:09:22","slug":"z-amso","status":"publish","type":"post","link":"http:\/\/folkefronten.dk\/?p=785","title":{"rendered":"Isle of Zams\u00f8 &#8211; the reunion"},"content":{"rendered":"<p>Invitation til klassefest (reunion)\u00a0<a href=\"http:\/\/folkefronten.dk\/wp-content\/uploads\/2014\/02\/Zamsoe.pdf\">Zamsoe<\/a><\/p>\n<p><a href=\"http:\/\/folkefronten.dk\/wp-content\/uploads\/2014\/02\/images.jpg\"><img loading=\"lazy\" decoding=\"async\" class=\"alignleft size-full wp-image-810\" alt=\"images\" src=\"http:\/\/folkefronten.dk\/wp-content\/uploads\/2014\/02\/images.jpg\" width=\"260\" height=\"194\" \/><\/a>\u00a0<b>Sams\u00f8<\/b>\u00a0er en dansk\u00a0\u00f8\u00a0p\u00e5 114,26 km\u00b2\u00a0i\u00a0Kattegat. Sams\u00f8\u00a0har ca. 3.900 indbyggere bosat i 22\u00a0landsbyer, hvoraf\u00a0Tranebjerg\u00a0er den st\u00f8rste.<\/p>\n<p>Sams\u00f8 best\u00e5r af\u00a0Nordsams\u00f8, hvis st\u00f8rste by er\u00a0Nordby, og\u00a0Sydsams\u00f8\u00a0med\u00a0Tranebjerg,\u00a0Kolby K\u00e5s\u00a0og\u00a0Ballen, bundet sammen af en\u00a0landtange\u00a0ved hvis \u00f8stlige side naturomr\u00e5det\u00a0Stavns Fjord\u00a0ligger.<\/p>\n<p>\u00d8en er rig p\u00e5 naturoplevelser. Issehoved er \u00f8ens nordligste punkt, hver man kan opleve en miniatureudgave af Skagens &#8220;Grenen&#8221;. M\u00f8gelsk\u00e5r og Ballebjerg er smukke, bakkede omr\u00e5der med adgang til stenstrand.<\/p>\n<p><a href=\"http:\/\/folkefronten.dk\/wp-content\/uploads\/2014\/02\/Sams\u00f8.jpg\"><img loading=\"lazy\" decoding=\"async\" class=\"alignleft size-full wp-image-801\" alt=\"Sams\u00f8\" src=\"http:\/\/folkefronten.dk\/wp-content\/uploads\/2014\/02\/Sams\u00f8.jpg\" width=\"462\" height=\"340\" srcset=\"http:\/\/folkefronten.dk\/wp-content\/uploads\/2014\/02\/Sams\u00f8.jpg 462w, http:\/\/folkefronten.dk\/wp-content\/uploads\/2014\/02\/Sams\u00f8-300x220.jpg 300w\" sizes=\"auto, (max-width: 462px) 100vw, 462px\" \/><\/a>Der er spor fra mennesker p\u00e5 Sams\u00f8 siden de tidligste tider, efter isen trak sig tilbage. Her jagtede man vildtet og siden bosatte man sig og begravede sine d\u00f8de i\u00a0gravh\u00f8je\u00a0og rejste\u00a0stendysser\u00a0i\u00a0stenalderen. Mange af gravh\u00f8jene p\u00e5 \u00f8en er dog fra\u00a0bronzealderen, da man i denne periode anlagde dem p\u00e5 h\u00f8jdepunkter i landskabet. Fra bronzealderen har vi ogs\u00e5 den 3.000 \u00e5r gamle\u00a0helligkilde\u00a0<a title=\"Ilse Made kilde\" href=\"http:\/\/da.m.wikipedia.org\/wiki\/Ilse_Made_kilde\">Ilse Made kilde<\/a>\u00a0p\u00e5 \u00f8ens vestkyst.<\/p>\n<p>I\u00a0jernalderen\u00a0som fulgte, var der ogs\u00e5 megen aktivitet her og \u00f8en var blevet strategisk vigtig for den tiltagende magt-centralisering som pr\u00e6gede denne tid. Et\u00a0sagn\u00a0fort\u00e6ller, at kong\u00a0<a title=\"Angantyr\" href=\"http:\/\/da.m.wikipedia.org\/wiki\/Angantyr\">Angantyr<\/a>\u00a0d\u00f8de i kamp p\u00e5 \u00f8en i \u00e5r\u00a0726\u00a0og omkring samme tid (slutningen af\u00a0jernalderen), gravede man\u00a0Kanhavekanalen\u00a0tv\u00e6rs over \u00f8en.<\/p>\n<p>I perioden 1831-1857 var der p\u00e5 Kyholm en karant\u00e6nestation for\u00a0pest\u00a0og\u00a0kolera, hvor skibe fra langfart skulle g\u00e5 ind, hvis de havde sygdom om bord. P\u00e5 \u00f8en ligger i dag Danmarks ensomste kirkeg\u00e5rd, hvor der ligger begravet omkring 100 Kyholmere. \u00d8en er tilg\u00e6ngelig hele \u00e5ret rundt, men man skal g\u00e5 forsigtigt i fuglenes yngletid.<\/p>\n<p>Der blev i middelalderen bygget hele fem borge p\u00e5 Sams\u00f8. Brattingsborg i Tranebjerg,\u00a0<a title=\"Bisg\u00e5rd (Onsbjerg Sogn)\" href=\"http:\/\/da.m.wikipedia.org\/wiki\/Bisg%C3%A5rd_(Onsbjerg_Sogn)\">Bisg\u00e5rd<\/a>\u00a0i Onsbjerg sogn, hvor Bispeg\u00e5rden nu st\u00e5r i dag,\u00a0Vesborg\u00a0p\u00e5 sydkysten hvor Vesborg Fyr i dag ligger placeret oven p\u00e5 borgvolden, Hjortholm\u00a0p\u00e5 den lille \u00f8 af samme navn i Stavns Fjord og endelig det lille f\u00e6stningsv\u00e6rk Blafferholm, som i dag ligger placeret i haven ved\u00a0<a title=\"Brattingsborg\" href=\"http:\/\/da.m.wikipedia.org\/wiki\/Brattingsborg\">Brattingsborg Gods<\/a>\u00a0p\u00e5 syd\u00f8en. Der er dog ikke nogle egentlige overjordiske bygningslevn tilbage fra nogle af borganl\u00e6ggene, kun voldstederne og visse dele af de begravede fundamenter findes i dag. Alle borgene var genstand for omfattende ark\u00e6ologiske unders\u00f8gelser i perioden 2002-2009.<\/p>\n<p>Also in the news\u00a0<a href=\"http:\/\/www.cnn.com\/2014\/02\/28\/us\/dead-man-comes-back-life\/index.html?hpt=hp_inthenews\" target=\"_blank\">Dead Mississippi man begins breathing<\/a><\/p>\n","protected":false},"excerpt":{"rendered":"<p>Invitation til klassefest (reunion)\u00a0Zamsoe \u00a0Sams\u00f8\u00a0er en dansk\u00a0\u00f8\u00a0p\u00e5 114,26 km\u00b2\u00a0i\u00a0Kattegat. Sams\u00f8\u00a0har ca. 3.900 indbyggere bosat i 22\u00a0landsbyer, hvoraf\u00a0Tranebjerg\u00a0er den st\u00f8rste. Sams\u00f8 best\u00e5r af\u00a0Nordsams\u00f8, hvis st\u00f8rste by er\u00a0Nordby, og\u00a0Sydsams\u00f8\u00a0med\u00a0Tranebjerg,\u00a0Kolby K\u00e5s\u00a0og\u00a0Ballen, bundet sammen af en\u00a0landtange\u00a0ved hvis \u00f8stlige side naturomr\u00e5det\u00a0Stavns Fjord\u00a0ligger. \u00d8en er rig &hellip; <a href=\"http:\/\/folkefronten.dk\/?p=785\">Continue reading <span class=\"meta-nav\">&rarr;<\/span><\/a><\/p>\n","protected":false},"author":1,"featured_media":0,"comment_status":"open","ping_status":"open","sticky":false,"template":"","format":"standard","meta":{"footnotes":""},"categories":[104],"tags":[],"class_list":["post-785","post","type-post","status-publish","format-standard","hentry","category-savage-worlds"],"_links":{"self":[{"href":"http:\/\/folkefronten.dk\/index.php?rest_route=\/wp\/v2\/posts\/785","targetHints":{"allow":["GET"]}}],"collection":[{"href":"http:\/\/folkefronten.dk\/index.php?rest_route=\/wp\/v2\/posts"}],"about":[{"href":"http:\/\/folkefronten.dk\/index.php?rest_route=\/wp\/v2\/types\/post"}],"author":[{"embeddable":true,"href":"http:\/\/folkefronten.dk\/index.php?rest_route=\/wp\/v2\/users\/1"}],"replies":[{"embeddable":true,"href":"http:\/\/folkefronten.dk\/index.php?rest_route=%2Fwp%2Fv2%2Fcomments&post=785"}],"version-history":[{"count":13,"href":"http:\/\/folkefronten.dk\/index.php?rest_route=\/wp\/v2\/posts\/785\/revisions"}],"predecessor-version":[{"id":811,"href":"http:\/\/folkefronten.dk\/index.php?rest_route=\/wp\/v2\/posts\/785\/revisions\/811"}],"wp:attachment":[{"href":"http:\/\/folkefronten.dk\/index.php?rest_route=%2Fwp%2Fv2%2Fmedia&parent=785"}],"wp:term":[{"taxonomy":"category","embeddable":true,"href":"http:\/\/folkefronten.dk\/index.php?rest_route=%2Fwp%2Fv2%2Fcategories&post=785"},{"taxonomy":"post_tag","embeddable":true,"href":"http:\/\/folkefronten.dk\/index.php?rest_route=%2Fwp%2Fv2%2Ftags&post=785"}],"curies":[{"name":"wp","href":"https:\/\/api.w.org\/{rel}","templated":true}]}}