{"id":235,"date":"2003-09-22T13:15:43","date_gmt":"2003-09-22T11:15:43","guid":{"rendered":"http:\/\/www.folkefronten.dk\/?p=235"},"modified":"2003-09-22T13:15:43","modified_gmt":"2003-09-22T11:15:43","slug":"safeservice","status":"publish","type":"post","link":"http:\/\/folkefronten.dk\/?p=235","title":{"rendered":"SafeService"},"content":{"rendered":"<p><strong><a href=\"http:\/\/www.folkefronten.dk\/wp-content\/uploads\/2003\/09\/forside_grundbog_thump.jpg\"><img loading=\"lazy\" decoding=\"async\" class=\"alignleft size-thumbnail wp-image-237\" title=\"forside_grundbog_thump\" src=\"http:\/\/www.folkefronten.dk\/wp-content\/uploads\/2003\/09\/forside_grundbog_thump-110x150.jpg\" alt=\"forside_grundbog_thump\" width=\"110\" height=\"150\" \/><\/a>Karakterene<\/strong><\/p>\n<p><strong>(RL) Aslan Muhammad Abdubashir<\/strong><\/p>\n<p>Alder; 21 \u00e5r<br \/>\nCivilstatus: Ugift<br \/>\nBop\u00e6l: Hos sine for\u00e6ldre i indre by<br \/>\nUdseende: 165 cm h\u00f8j, 62 kg. Kort sort h\u00e5r og brune \u00f8jne. Lille og spinkel, og altid if\u00f8rt sort adidas tr\u00e6ningst\u00f8j med hvide striber, og en tyk guldk\u00e6de om halsen.<\/p>\n<p>Aslan er 2. generations indvandrer og bor hos sine for\u00e6ldre i indre by.<br \/>\nMeget f\u00e5 kender dog adressen da han kun er hjemme for at sove, og aldrig tager nogen med hjem. Aslan er kun interesseret i en ting og lever og bruger alle sine penge p\u00e5 denne lidenskab; Sin bil!<\/p>\n<p>Det er sv\u00e6rt at katagorisere Aslans bil, da han har bygget den op selv fra bunden, med de bedste komponenter der kan k\u00f8bes for penge. Det nemmeste er vel at sige at den er sort som ibenholt, og at den i udformning minder mest om en overdimensioneret sydafrikansk l\u00f8bebille. Han bliver n\u00e6sten forn\u00e6rmet hvis nogen sp\u00f8rger ham hvad det er for en bil. Det er hans egen bil, og den er perfekt. Det er nok for ham! Der kan v\u00e6re maks. 3 personer i bilen udover Aslan selv.<\/p>\n<p>Hvor Aslan f\u00e5r pengene til at supportere hans lidenskab, bliver der ikke talt om, og skal der heller ikke sp\u00f8rges til, men nogle af dem kommer vel fra hans job som taxachauff\u00f8r.<\/p>\n<p>I sin fritid bruger Aslan al sin tid under bilen, og han deltager ofte i privat arrangerede gadel\u00f8b, hvor han nyder stor respekt blandt andre ligesindede, for b\u00e5de sin bil og sine k\u00f8re evner. Ellers holder han sig for sig selv, da han pga. sin etniske baggrund og fysiske st\u00f8rrelse, har en n\u00e6sten sygelig evne til at p\u00e5kalde sig opm\u00e6rksomhed fra potentielle ballademagere af alle slags. Dette g\u00f8r ham, i alle andre henseende end n\u00e5r det drejer sig om hans lidenskab, til en genert og distanceret person.<\/p>\n<p>Folks opfattelse af Aslan:<br \/>\n*Folk der ikke kender ham; En lille indvandrer, som med garanti bare fors\u00f8ger at skjule at han tror at han er en helvedes karl.<br \/>\n*Folk der kender ham; En reserveret fyr med f\u00e5 prioriteter i livet. De f\u00e5 han har dyrker han dog til det ekstreme.<\/p>\n<p>Grunde til at han er ansat i SafeService:<br \/>\n*Firmaet; Hans egenskaber som mekaniker, chauff\u00f8r og omvandrende krakskort.<br \/>\n*Ham selv; Penge og s\u00e5 muligheden for at bruge sine evner til noget som iv\u00e6rds\u00e6ttes.<\/p>\n<p>\u00a0<\/p>\n<p><strong>(RM) Gerhard Anton Kr\u00f6psch<br \/>\n<\/strong>Langelandsvej 5, 2.tv<br \/>\n2000 Frederiksberg<\/p>\n<p>Udeende:<\/p>\n<p>Gerhard er et lille menneske. Han er mellem 1,65 og 1,70, men virker endnu mindre grundet sin krumme holdning. For at veje op p\u00e5 Gerhards ringe h\u00f8jde har Gud valgt at g\u00f8re ham bem\u00e6rkelsesv\u00e6rdig spinkel &#8211; man skal ikke se p\u00e5 Gerhard mange sekunder, f\u00f8r man ved, at han er slappere end gennemsnitsmennesket\u2026 Trods det, vandt Gerhard en overbevisende sejr i dartturneringen ved sidste GuardService julefrokkost.<\/p>\n<p>Gerhard er midt i fyrrerne. Han har masser af gr\u00e5 st\u00e6nk i det tynde, blonde h\u00e5r. Til daglig g\u00e5r Gerhard ulasteligt kl\u00e6dt; jakke (tilpasset hans spinkle korpus), hvid skjorte og slips. Ser man ind gennem de s\u00f8lvgr\u00e5 hornbriller (med vinduesglas), bliver man m\u00f8dt af et par kolde, bl\u00e5 \u00f8jne med et kynisk, intelligent blik.<\/p>\n<p>Gerhard bag facaden:<br \/>\nSom sagt Gerhard er kynsik og selvoptaget, men han er ogs\u00e5 intelligent og bevarer overblikket i en stresset situation. Og s\u00e5 glemmer han aldrig et ar, n\u00e5r f\u00f8rst han har set det\u2026<\/p>\n<p>Gerhard er ogs\u00e5 patolog og derudover tysker. Ja, nu er han godt nok detektiv, og har v\u00e6ret i GuardService et \u00e5rs tid. Men f\u00f8r det var Gerhard patolog p\u00e5 Hamburg Universit\u00e4t Krankenhaus. Det er ikke fuldst\u00e6ndig klart, hvorfor han ikke arbejder som patolog mere.<br \/>\nDerimod st\u00e5r det klart, at Gerhard aldrig mere f\u00e5r lov til at arbejde som l\u00e6ge p\u00e5 den ene eller den anden m\u00e5de.<\/p>\n<p>Andet:<br \/>\nGerhard bor i en trev\u00e6relses ejerlejlighed, og k\u00f8rer rundt i en nyere VW. Det virker som om, han har flere penge til r\u00e5dighed, end GuardService betaler den almindelige detektiv.<\/p>\n<p>I arbejdet for GuardService er det blevet klart, at Gerhard, udover de \u00e5bentlyse kvaliteter, har evner indenfor: almen viden, samfundsviden, bureaukrati og videnskab generelt.<\/p>\n<p>\u00a0<\/p>\n<p><strong>(JP) Pernille N\u00f8rdam S\u00f8derberg<\/strong><\/p>\n<p>CPR-nr: 120788-1014<br \/>\nCivilstatus: Ugift<br \/>\nBop\u00e6l: 3 v\u00e6relses ejerlejlighed p\u00e5 Frederiksberg<br \/>\nUdseende: 173 cm h\u00f8j, Kort lyst h\u00e5r og gr\u00f8nne \u00f8jne. Sportstr\u00e6net krop med gode former.<\/p>\n<p>Pernille er f\u00f8dt i Esperg\u00e6rde i Nordsj\u00e6lland. Hendes far er ingeni\u00f8r og opfandt en ny slags varmeleder. Det tjente han rigtigt godt p\u00e5 og familien flyttede til Gl. Holte, hvor hun voksede op. Pernille er enebarn, forgudet og meget fork\u00e6let. Hendes for\u00e6ldre er flyttet til Sydfrankrig. Hun L\u00e6ser jura p\u00e5 2. \u00e5r, men har taget orlov fordi det kedede hende. Hun har valgt detektivbranchen for at opleve lidt sp\u00e6nding. Desuden har hun haft nogle ubehagelige oplevelser som bartender, med aggressive g\u00e6ster. Dette skulle gerne stoppe efter hun har f\u00e5et job p\u00e5 det nye super hotte insted SuperSonic, som bartender i weekenden. SuperSonic har ret skrappe krav til g\u00e6sterne, for at holde u\u00f8nskede elementer borte.<\/p>\n<p>Folks opfattelse af Pernille:<br \/>\n\u2022Hun har en hel fantastisk udstr\u00e5ling. Dette g\u00e6lder p\u00e5 hendes udseende og personlighed<br \/>\n\u2022Hun er meget glad for sig selv.<br \/>\n\u2022Hun g\u00e5r altid i dyrt designt\u00f8j<\/p>\n<p>Grunde til at hun er ansat i SafeService:<br \/>\n\u2022Kender noget til jura<br \/>\n\u2022Hun er en god menneskekender<br \/>\n\u2022Hun kan forsvare sig selv, da hun har dyrket karate i en del \u00e5r<\/p>\n<p>\u00a0<\/p>\n<p><strong>(JS) Tue T. \u00d8hrsted<\/strong><\/p>\n<p>CPR.nr. 080680-6261<br \/>\nBop\u00e6l: Gammelm\u00f8nt 8, 4.th. 1106 kbh k.<br \/>\n(2 v\u00e6relses andel.)<\/p>\n<p>Udseende: 184 cm, 78 kg, skallet, bl\u00e5 \u00f8jne, i reglen ikl\u00e6dt modet\u00f8j der veksler mellem Business og streetwear. Kulturradikale meningsdannerbriller og italienske sko.<br \/>\nCharmerende og ret skarp, men intelektuel doven og med anl\u00e6g for ty til det popul\u00e6re, n\u00e5r det er den nemmeste l\u00f8sning. Benytter overvejende sine betydelige kommunikative egenskaber til egen vinding.<br \/>\nHar en fortid i den politiske redaktion p\u00e5 eksperten, men en artikelserie bragte ham p\u00e5 kant med nogle politiske magthavere. Tue vil ikke tale om det, hvilket ikke ligner ham.<br \/>\nTue har et stort netv\u00e6rk af bekendtskaber der lever af at dele informationer om alt. Nogengange for penge, men ovrevejende noget for noget. Netv\u00e6rket best\u00e5r af journalister, imformanter, detiktiver, stikkere, politi\/PET og &#8211; til en vis grad &#8211; af direkte kriminelle.<\/p>\n<p>Tue har en us\u00e6dvanlig evne til at synke dybt og alligevel klare sig igennem. Det kan v\u00e6re farligt at st\u00e5 ved siden af da Tue n\u00e6ppe vel tage skraldet selv.<\/p>\n<p>SafeService har antaget Tue overvejende pga. hans PR egenskaber og kontakter. Tue mener selv at han godt kan forsvare sig og har givet udtryk for at han kan kampsport og skyde &#8211; hvilket han kan, men hans erfaring har hidtil v\u00e6ret begr\u00e6nset til Playstation.<\/p>\n","protected":false},"excerpt":{"rendered":"<p>Karakterene (RL) Aslan Muhammad Abdubashir Alder; 21 \u00e5r Civilstatus: Ugift Bop\u00e6l: Hos sine for\u00e6ldre i indre by Udseende: 165 cm h\u00f8j, 62 kg. Kort sort h\u00e5r og brune \u00f8jne. Lille og spinkel, og altid if\u00f8rt sort adidas tr\u00e6ningst\u00f8j med hvide &hellip; <a href=\"http:\/\/folkefronten.dk\/?p=235\">Continue reading <span class=\"meta-nav\">&rarr;<\/span><\/a><\/p>\n","protected":false},"author":1,"featured_media":0,"comment_status":"open","ping_status":"open","sticky":false,"template":"","format":"standard","meta":{"footnotes":""},"categories":[14,20],"tags":[],"class_list":["post-235","post","type-post","status-publish","format-standard","hentry","category-fusion","category-safeservice"],"_links":{"self":[{"href":"http:\/\/folkefronten.dk\/index.php?rest_route=\/wp\/v2\/posts\/235","targetHints":{"allow":["GET"]}}],"collection":[{"href":"http:\/\/folkefronten.dk\/index.php?rest_route=\/wp\/v2\/posts"}],"about":[{"href":"http:\/\/folkefronten.dk\/index.php?rest_route=\/wp\/v2\/types\/post"}],"author":[{"embeddable":true,"href":"http:\/\/folkefronten.dk\/index.php?rest_route=\/wp\/v2\/users\/1"}],"replies":[{"embeddable":true,"href":"http:\/\/folkefronten.dk\/index.php?rest_route=%2Fwp%2Fv2%2Fcomments&post=235"}],"version-history":[{"count":0,"href":"http:\/\/folkefronten.dk\/index.php?rest_route=\/wp\/v2\/posts\/235\/revisions"}],"wp:attachment":[{"href":"http:\/\/folkefronten.dk\/index.php?rest_route=%2Fwp%2Fv2%2Fmedia&parent=235"}],"wp:term":[{"taxonomy":"category","embeddable":true,"href":"http:\/\/folkefronten.dk\/index.php?rest_route=%2Fwp%2Fv2%2Fcategories&post=235"},{"taxonomy":"post_tag","embeddable":true,"href":"http:\/\/folkefronten.dk\/index.php?rest_route=%2Fwp%2Fv2%2Ftags&post=235"}],"curies":[{"name":"wp","href":"https:\/\/api.w.org\/{rel}","templated":true}]}}